{"id":2080,"date":"2025-09-25T13:48:41","date_gmt":"2025-09-25T10:48:41","guid":{"rendered":"https:\/\/sataedu.fi\/yhteishaku\/?p=2080"},"modified":"2025-09-25T13:48:41","modified_gmt":"2025-09-25T10:48:41","slug":"hyvinvointia-ammatilliseen-koulutukseen","status":"publish","type":"post","link":"https:\/\/sataedu.fi\/yhteishaku\/ajankohtaista\/hyvinvointia-ammatilliseen-koulutukseen\/","title":{"rendered":"Hyvinvointia ammatilliseen koulutukseen"},"content":{"rendered":"\n<h2 class=\"wp-block-heading\">V\u00e4litet\u00e4\u00e4n toisistamme ja itsest\u00e4mme viel\u00e4 enemm\u00e4n<\/h2>\n\n\n\n<p class=\"wp-block-paragraph\"><strong>Valtakunnallista ammatillisen koulutuksen Hyvinvointivirtaa-teemaviikkoa vietet\u00e4\u00e4n Sataedun kaikissa toimipaikoissa viikolla 40, 29.9.-3.10.2025.<\/strong><\/p>\n\n\n\n<p class=\"wp-block-paragraph\">Hyvinvointivirtaa-viikko kokoaa ammattillisen koulutuksen opiskelijoita ja henkil\u00f6st\u00f6\u00e4 yhteen ja tekee hyvinvointity\u00f6t\u00e4 n\u00e4kyv\u00e4ksi ymp\u00e4ri Suomen. Teemaviikkoon osallistuu yli 35 000 opiskelijaa vuosittain. <\/p>\n\n\n\n<p class=\"wp-block-paragraph\">Viikon vietti\u00e4minen on Sataedussa jo perinne ja viikon ohjelmaan panostetaan jokaisella paikkakunnalla. <\/p>\n\n\n\n<p class=\"wp-block-paragraph\">Omasta hyvinvoinnista ja terveydest\u00e4 huolehtiminen on osa ammattitaitoa. <\/p>\n\n\n\n<blockquote class=\"wp-block-quote is-layout-flow wp-block-quote-is-layout-flow\">\n<p class=\"wp-block-paragraph\">My\u00f6s ty\u00f6kyky\u00e4 on opittava yll\u00e4pit\u00e4m\u00e4\u00e4n. <\/p>\n<\/blockquote>\n\n\n\n<p class=\"wp-block-paragraph\">Viikolla 40 nostetaan toiminnallisella tavalla esille terveyden, turvallisuuden ja viihtyvyyden teemoja, positiivisuutta sek\u00e4 yst\u00e4v\u00e4llist\u00e4 ja toisesta v\u00e4litt\u00e4v\u00e4\u00e4 kohtaamista.<\/p>\n\n\n\n<p class=\"wp-block-paragraph\">Viikolla on tarjolla aamupuuroa kahtena aamuna ja j\u00e4lkiruokaa joka p\u00e4iv\u00e4! Koska hyv\u00e4 aamupala ja v\u00e4lipalat ovat t\u00e4rkeit\u00e4 vireyden yll\u00e4pit\u00e4misess\u00e4 pitkin p\u00e4iv\u00e4\u00e4<\/p>\n\n\n\n<p class=\"wp-block-paragraph\">Nikotiiniton amis &#8211; nikotiiniton Sataedu on my\u00f6s enemm\u00e4n esill\u00e4 viikon aikana.<\/p>\n\n\n\n<figure class=\"wp-block-image size-large\"><img loading=\"lazy\" decoding=\"async\" width=\"730\" height=\"487\" src=\"https:\/\/sataedu.fi\/yhteishaku\/wp-content\/uploads\/sites\/6\/2024\/10\/sataedu-06-makinen-ja-salminen-1-730x487.webp\" alt=\"\" class=\"wp-image-1003\" srcset=\"https:\/\/sataedu.fi\/yhteishaku\/wp-content\/uploads\/sites\/6\/2024\/10\/sataedu-06-makinen-ja-salminen-1-730x487.webp 730w, https:\/\/sataedu.fi\/yhteishaku\/wp-content\/uploads\/sites\/6\/2024\/10\/sataedu-06-makinen-ja-salminen-1-500x333.webp 500w, https:\/\/sataedu.fi\/yhteishaku\/wp-content\/uploads\/sites\/6\/2024\/10\/sataedu-06-makinen-ja-salminen-1.webp 768w\" sizes=\"auto, (max-width: 730px) 100vw, 730px\" \/><\/figure>\n\n\n\n<h2 class=\"wp-block-heading\">Kiinnostuitko? <\/h2>\n\n\n\n<p class=\"wp-block-paragraph\">Lue lis\u00e4\u00e4 teemaviikosta, jota koordinoi <strong>SAKU\u00a0ry<\/strong>. SAKU on ammatillisen koulutuksen oma liikunta- ja kulttuurij\u00e4rjest\u00f6 sek\u00e4 hyvinvoinnin edist\u00e4misen yhteisty\u00f6organisaatio.<\/p>\n\n\n\n<p class=\"wp-block-paragraph\"><a href=\"https:\/\/sakury.net\/yhteisollisyytta-ja-osallisuutta\/hyvinvointivirtaa-tietoa-teemaviikosta\/\">Hyvinvointivirtaa-teemaviikko, SAKUry<\/a><\/p>\n\n\n\n<h2 class=\"wp-block-heading\">Viikolla n\u00e4kyy ja kuuluu my\u00f6s v\u00e4litt\u00e4misen kulttuuri<\/h2>\n\n\n\n<p class=\"wp-block-paragraph\">Sataedussa on vahva v\u00e4litt\u00e4misen kulttuuri joka n\u00e4kyy arjessa. Viikon aikana rohkaisemme opiskelijoitamme ja henkil\u00f6kuntaa tuomaan n\u00e4kyville arjen pienet teot hyvinvoinnin rakentamisessa.  <\/p>\n\n\n\n<blockquote class=\"wp-block-quote is-layout-flow wp-block-quote-is-layout-flow\">\n<p class=\"wp-block-paragraph\"><strong>Sanat voivat satuttaa \u2013 tai pelastaa<\/strong><a href=\"https:\/\/sataedu.sharepoint.com\/sites\/Aula\/SitePages\/V%C3%A4litet%C3%A4%C3%A4n-toisistamme-ja-itsest%C3%A4mme-viel%C3%A4-enemm%C3%A4n.aspx?isNewsReader=true&amp;env=Preview&amp;app=portals&amp;taf=vcpreload&amp;vcsiteid=a7d89691-607a-4a2b-845d-4f7cd3511cba&amp;vcwebid=2f91c11f-35d5-4748-960d-9dcaf05f38df&amp;inPlaceNav=portals&amp;useTeamsAuth=true#sanat-voivat-satuttaa-%E2%80%93-tai-pelastaa\"><\/a><\/p>\n<\/blockquote>\n\n\n\n<figure class=\"wp-block-image size-large\"><img loading=\"lazy\" decoding=\"async\" width=\"730\" height=\"516\" src=\"https:\/\/sataedu.fi\/yhteishaku\/wp-content\/uploads\/sites\/6\/2025\/09\/kehukaveria3-vaaka-730x516.jpg\" alt=\"\" class=\"wp-image-2081\" srcset=\"https:\/\/sataedu.fi\/yhteishaku\/wp-content\/uploads\/sites\/6\/2025\/09\/kehukaveria3-vaaka-730x516.jpg 730w, https:\/\/sataedu.fi\/yhteishaku\/wp-content\/uploads\/sites\/6\/2025\/09\/kehukaveria3-vaaka-500x354.jpg 500w, https:\/\/sataedu.fi\/yhteishaku\/wp-content\/uploads\/sites\/6\/2025\/09\/kehukaveria3-vaaka-768x543.jpg 768w, https:\/\/sataedu.fi\/yhteishaku\/wp-content\/uploads\/sites\/6\/2025\/09\/kehukaveria3-vaaka.jpg 1414w\" sizes=\"auto, (max-width: 730px) 100vw, 730px\" \/><\/figure>\n\n\n\n<blockquote class=\"wp-block-quote is-layout-flow wp-block-quote-is-layout-flow\">\n<p class=\"wp-block-paragraph\">Nyt on hyv\u00e4 hetki kiitt\u00e4\u00e4 kaveria ja tuoda hyv\u00e4\u00e4 mielt\u00e4 h\u00e4nen p\u00e4iv\u00e4\u00e4ns\u00e4. <\/p>\n<\/blockquote>\n\n\n\n<p class=\"wp-block-paragraph\"><\/p>\n","protected":false},"excerpt":{"rendered":"<p>V\u00e4litet\u00e4\u00e4n toisistamme ja itsest\u00e4mme viel\u00e4 enemm\u00e4n. Valtakunnallista ammatillisen koulutuksen Hyvinvointivirtaa-teemaviikkoa vietet\u00e4\u00e4n Sataedun kaikissa toimipaikoissa viikolla 40, 29.9.-3.10.2025.<\/p>\n","protected":false},"author":36,"featured_media":2082,"comment_status":"closed","ping_status":"open","sticky":false,"template":"","format":"standard","meta":{"_acf_changed":false,"footnotes":"","_members_access_role":[],"_members_access_error":""},"categories":[2],"tags":[],"class_list":["post-2080","post","type-post","status-publish","format-standard","has-post-thumbnail","hentry","category-ajankohtaista"],"acf":[],"_links":{"self":[{"href":"https:\/\/sataedu.fi\/yhteishaku\/wp-json\/wp\/v2\/posts\/2080","targetHints":{"allow":["GET"]}}],"collection":[{"href":"https:\/\/sataedu.fi\/yhteishaku\/wp-json\/wp\/v2\/posts"}],"about":[{"href":"https:\/\/sataedu.fi\/yhteishaku\/wp-json\/wp\/v2\/types\/post"}],"author":[{"embeddable":true,"href":"https:\/\/sataedu.fi\/yhteishaku\/wp-json\/wp\/v2\/users\/36"}],"replies":[{"embeddable":true,"href":"https:\/\/sataedu.fi\/yhteishaku\/wp-json\/wp\/v2\/comments?post=2080"}],"version-history":[{"count":1,"href":"https:\/\/sataedu.fi\/yhteishaku\/wp-json\/wp\/v2\/posts\/2080\/revisions"}],"predecessor-version":[{"id":2083,"href":"https:\/\/sataedu.fi\/yhteishaku\/wp-json\/wp\/v2\/posts\/2080\/revisions\/2083"}],"wp:featuredmedia":[{"embeddable":true,"href":"https:\/\/sataedu.fi\/yhteishaku\/wp-json\/wp\/v2\/media\/2082"}],"wp:attachment":[{"href":"https:\/\/sataedu.fi\/yhteishaku\/wp-json\/wp\/v2\/media?parent=2080"}],"wp:term":[{"taxonomy":"category","embeddable":true,"href":"https:\/\/sataedu.fi\/yhteishaku\/wp-json\/wp\/v2\/categories?post=2080"},{"taxonomy":"post_tag","embeddable":true,"href":"https:\/\/sataedu.fi\/yhteishaku\/wp-json\/wp\/v2\/tags?post=2080"}],"curies":[{"name":"wp","href":"https:\/\/api.w.org\/{rel}","templated":true}]}}